{"id":1440,"date":"2019-07-10T08:00:34","date_gmt":"2019-07-10T06:00:34","guid":{"rendered":"https:\/\/pieczatki-online.eu\/porady\/?p=1440"},"modified":"2019-07-04T11:23:56","modified_gmt":"2019-07-04T09:23:56","slug":"gdy-koncza-sie-ulgi-przejscie-z-preferencyjnych-skladek-zus-na-standardowe","status":"publish","type":"post","link":"https:\/\/pieczatki-online.eu\/porady\/gdy-koncza-sie-ulgi-przejscie-z-preferencyjnych-skladek-zus-na-standardowe\/","title":{"rendered":"Gdy ko\u0144cz\u0105 si\u0119 ulgi \u2013 przej\u015bcie z preferencyjnych sk\u0142adek ZUS na standardowe"},"content":{"rendered":"<p>Gdy otwierasz dzia\u0142alno\u015b\u0107 gospodarcz\u0105 pierwszy raz (lub robisz to po d\u0142ugiej przerwie), mo\u017cesz przez 6 miesi\u0119cy korzysta\u0107 z Ulgi na start i nie op\u0142aca\u0107 sk\u0142adek spo\u0142ecznych, a potem przez 24 miesi\u0105ce p\u0142aci\u0107 preferencyjne (obni\u017cone) sk\u0142adki ZUS. Co si\u0119 dzieje, gdy mijaj\u0105 2 lata obni\u017conego ZUS-u? Jakie s\u0105 dalsze formalno\u015bci? Sprawd\u017amy.<!--more--><\/p>\n<p>Je\u015bli dopiero zak\u0142adasz dzia\u0142alno\u015b\u0107 gospodarcz\u0105, przeczytaj inne wpisy na temat ulg dla nowych przedsi\u0119biorc\u00f3w:<\/p>\n<ul>\n<li><a href=\"https:\/\/pieczatki-online.eu\/porady\/ulga-na-start-6-miesiecy-bez-skladek-spolecznych-dla-nowych-przedsiebiorcow\/\">Ulga na start \u2013 6 miesi\u0119cy bez sk\u0142adek spo\u0142ecznych dla nowych przedsi\u0119biorc\u00f3w<\/a><\/li>\n<li><a href=\"https:\/\/pieczatki-online.eu\/porady\/preferencyjne-skladki-zus-dla-nowych-przedsiebiorcow-na-czym-polega-ta-ulga-i-czy-rozni-sie-od-malego-zus-u\/\">Preferencyjne sk\u0142adki ZUS dla nowych przedsi\u0119biorc\u00f3w \u2013 na czym polega ta ulga i czy r\u00f3\u017cni si\u0119 od \u201ema\u0142ego ZUS-u\u201d?<\/a><\/li>\n<\/ul>\n<blockquote><p><strong>Wa\u017cne! <\/strong>Z preferencyjnych sk\u0142adek ZUS mo\u017cesz korzysta\u0107 przez 24 miesi\u0105ce kalendarzowe. Zanim to nast\u0105pi, mo\u017cesz, ale nie musisz, skorzysta\u0107 z Ulgi na start, trwaj\u0105cej 6 miesi\u0119cy. Ulga na start, tak samo, jak preferencyjne sk\u0142adki ZUS, jest <strong>dobrowolna<\/strong>. Oznacza to, \u017ce mo\u017cesz z niej zrezygnowa\u0107. Je\u015bli jednak chcesz z niej korzysta\u0107, musisz zg\u0142osi\u0107 to w deklaracji ZUS ZUA i jako kod ubezpieczenia wpisa\u0107:<\/p><\/blockquote>\n<ul>\n<li>\n<blockquote><p>05 70 XX (XX to cyfry, kt\u00f3re dotycz\u0105 prawa do emerytury lub renty i orzeczenia o niepe\u0142nosprawno\u015bci \u2013 je\u015bli takowego nie masz, wpisujesz 00);<\/p><\/blockquote>\n<\/li>\n<li>\n<blockquote><p>05\u00a072 2X \u2013 je\u015bli masz prawo do renty z tytu\u0142u niezdolno\u015bci do pracy (X to cyfra, kt\u00f3ra wskazuje stopie\u0144 niezdolno\u015bci do pracy \u2013 1, 2 lub 3).<\/p><\/blockquote>\n<\/li>\n<\/ul>\n<h2><strong><a href=\"https:\/\/pieczatki-online.eu\/porady\/wp-content\/uploads\/2019\/07\/business-woman-working-in-office-with-documents-PPE7KV3.jpg\" data-rel=\"lightbox-image-0\" data-rl_title=\"Przej\u015bcie na standardowy ZUS\" data-rl_caption=\"\" title=\"Przej\u015bcie na standardowy ZUS\"><img loading=\"lazy\" decoding=\"async\" class=\"alignnone size-large wp-image-1441\" src=\"https:\/\/pieczatki-online.eu\/porady\/wp-content\/uploads\/2019\/07\/business-woman-working-in-office-with-documents-PPE7KV3-1024x683.jpg\" alt=\"Przej\u015bcie na standardowy ZUS\" width=\"1024\" height=\"683\" srcset=\"https:\/\/pieczatki-online.eu\/porady\/wp-content\/uploads\/2019\/07\/business-woman-working-in-office-with-documents-PPE7KV3-1024x683.jpg 1024w, https:\/\/pieczatki-online.eu\/porady\/wp-content\/uploads\/2019\/07\/business-woman-working-in-office-with-documents-PPE7KV3-300x200.jpg 300w, https:\/\/pieczatki-online.eu\/porady\/wp-content\/uploads\/2019\/07\/business-woman-working-in-office-with-documents-PPE7KV3-768x512.jpg 768w, https:\/\/pieczatki-online.eu\/porady\/wp-content\/uploads\/2019\/07\/business-woman-working-in-office-with-documents-PPE7KV3.jpg 1194w\" sizes=\"auto, (max-width: 1024px) 100vw, 1024px\" \/><\/a>Koniec preferencyjnych sk\u0142adek \u2013 co dalej?<\/strong><\/h2>\n<p>Po up\u0142ywie 24 miesi\u0119cy op\u0142acania obni\u017conych sk\u0142adek ZUS przechodzisz do p\u0142acenia sk\u0142adek w standardowej wysoko\u015bci. Do tej pory op\u0142aca\u0142e\u015b sk\u0142adki obliczane na podstawie 30% minimalnego wynagrodzenia. Standardowe sk\u0142adki oblicza si\u0119 od podstawy w wysoko\u015bci 60% prognozowanego przeci\u0119tnego wynagrodzenia miesi\u0119cznego. Mo\u017cesz te\u017c zadeklarowa\u0107 wy\u017csz\u0105 podstaw\u0119 i p\u0142aci\u0107 wy\u017csze sk\u0142adki.<\/p>\n<h2><strong>Przej\u015bcie na standardowe sk\u0142adki ZUS \u2013 krok po kroku<\/strong><\/h2>\n<p><strong>KROK 1.<\/strong> W pierwszej kolejno\u015bci musisz <strong>wyrejestrowa\u0107 si\u0119 z op\u0142acania obni\u017conych sk\u0142adek<\/strong>. Masz na to 7 dni od momentu zako\u0144czenia korzystania z preferencyjnych sk\u0142adek. S\u0142u\u017cy do tego formularz ZUS ZWUA.<\/p>\n<p>W formularzu jako przyczyn\u0119 wyrejestrowania wpisz kod 600 (\u201einna przyczyna wyrejestrowania\u201d). Jako kod ubezpieczenia wpisz 05 70 lub 05 72, czyli taki, jaki poda\u0142e\u015b przy zg\u0142oszeniu.<\/p>\n<p>Je\u015bli okres preferencyjnych sk\u0142adek ko\u0144czy si\u0119 ostatniego dnia miesi\u0105ca, jako dat\u0119 wyrejestrowania wpisz pierwszy dzie\u0144 kolejnego miesi\u0105ca. Je\u015bli dzia\u0142alno\u015b\u0107 za\u0142o\u017cy\u0142e\u015b w po\u0142owie miesi\u0105ca, okres preferencyjnych sk\u0142adek rozpoczyna si\u0119 od pierwszego dnia kolejnego miesi\u0105ca i trwa pe\u0142ne 24 miesi\u0105ce.<\/p>\n<p><strong>KROK 2. <\/strong>Po wyrejestrowaniu si\u0119 z preferencyjnych sk\u0142adek <strong>musisz ponownie zarejestrowa\u0107 si\u0119 do ubezpiecze\u0144<\/strong>. Aby to zrobi\u0107, musisz z\u0142o\u017cy\u0107 deklaracj\u0119 ZUS ZUA.<\/p>\n<p>W deklaracji, jako nowy kod tytu\u0142u ubezpieczenia wpisz 05 10 XX lub 05 12 2X (w przypadku posiadania ustalonego prawa do renty z tytu\u0142u niezdolno\u015bci do pracy).<\/p>\n<p><strong>KROK 3. <\/strong>Do ZUS-u nale\u017cy tak\u017ce<strong> z\u0142o\u017cy\u0107 deklaracj\u0119 ZUS DRA<\/strong>. Podaje si\u0119 w niej obowi\u0105zuj\u0105c\u0105 podstaw\u0119 wymiaru sk\u0142adek. Je\u015bli chcesz op\u0142aca\u0107 sk\u0142adki od minimalnej podstawy (60% przeci\u0119tnego wynagrodzenia), deklaracj\u0119 sk\u0142adasz jednorazowo do 10. dnia kolejnego miesi\u0105ca po miesi\u0105cu, w kt\u00f3rym zacz\u0105\u0142e\u015b p\u0142aci\u0107 wy\u017csze (standardowe) sk\u0142adki. W kolejnych miesi\u0105cach p\u0142acisz sk\u0142adki \u2013 bez konieczno\u015bci sk\u0142adania deklaracji.<\/p>\n<p>Je\u015bli jednak b\u0119dziesz op\u0142aca\u0107 sk\u0142adki wy\u017csze ni\u017c minimalne, w ka\u017cdym miesi\u0105cu (do 10. dnia) konieczne b\u0119dzie sk\u0142adanie deklaracji ZUS DRA i p\u0142acenie sk\u0142adek.<\/p>\n<p>Je\u015bli zatrudniasz pracownik\u00f3w, deklaracje musisz sk\u0142ada\u0107 co miesi\u0105c. Masz na to czas do 15. dnia nast\u0119pnego miesi\u0105ca.<\/p>\n<p>Je\u015bli zmienia si\u0119 wysoko\u015b\u0107 op\u0142acanych sk\u0142adek (np. w wyniku skorzystania z zasi\u0142ku chorobowego), musisz z\u0142o\u017cy\u0107 deklaracj\u0119 ZUS DRA za miesi\u0105c, w kt\u00f3rym wyst\u0105pi\u0142y zmiany.<\/p>\n<p>Formalno\u015bci mo\u017cesz za\u0142atwi\u0107 w siedzibie ZUS-u, a tak\u017ce za pomoc\u0105 <a href=\"https:\/\/www.zus.pl\/pue\/rejestracja\">Platformy Us\u0142ug Elektronicznych ZUS<\/a>.<\/p>\n<p>&nbsp;<\/p>\n","protected":false},"excerpt":{"rendered":"<p>Gdy otwierasz dzia\u0142alno\u015b\u0107 gospodarcz\u0105 pierwszy raz (lub robisz to po d\u0142ugiej przerwie), mo\u017cesz przez 6 miesi\u0119cy korzysta\u0107 z Ulgi na start i nie op\u0142aca\u0107 sk\u0142adek spo\u0142ecznych, a potem przez 24 miesi\u0105ce p\u0142aci\u0107 preferencyjne (obni\u017cone) sk\u0142adki ZUS. Co si\u0119 dzieje, gdy mijaj\u0105 2 lata obni\u017conego ZUS-u? Jakie s\u0105 dalsze formalno\u015bci? Sprawd\u017amy.<\/p>\n","protected":false},"author":4,"featured_media":1441,"comment_status":"open","ping_status":"closed","sticky":false,"template":"","format":"standard","meta":{"footnotes":""},"categories":[342],"tags":[],"class_list":["post-1440","post","type-post","status-publish","format-standard","has-post-thumbnail","hentry","category-sprawy-urzedowe"],"yoast_head":"<!-- This site is optimized with the Yoast SEO plugin v25.9 - https:\/\/yoast.com\/wordpress\/plugins\/seo\/ -->\n<title>Gdy ko\u0144cz\u0105 si\u0119 ulgi \u2013 przej\u015bcie z preferencyjnych sk\u0142adek ZUS na standardowe<\/title>\n<meta name=\"robots\" content=\"index, follow, max-snippet:-1, max-image-preview:large, max-video-preview:-1\" \/>\n<link rel=\"canonical\" href=\"https:\/\/pieczatki-online.eu\/porady\/gdy-koncza-sie-ulgi-przejscie-z-preferencyjnych-skladek-zus-na-standardowe\/\" \/>\n<meta property=\"og:locale\" content=\"pl_PL\" \/>\n<meta property=\"og:type\" content=\"article\" \/>\n<meta property=\"og:title\" content=\"Gdy ko\u0144cz\u0105 si\u0119 ulgi \u2013 przej\u015bcie z preferencyjnych sk\u0142adek ZUS na standardowe\" \/>\n<meta property=\"og:description\" content=\"Gdy otwierasz dzia\u0142alno\u015b\u0107 gospodarcz\u0105 pierwszy raz (lub robisz to po d\u0142ugiej przerwie), mo\u017cesz przez 6 miesi\u0119cy korzysta\u0107 z Ulgi na start i nie op\u0142aca\u0107 sk\u0142adek spo\u0142ecznych, a potem przez 24 miesi\u0105ce p\u0142aci\u0107 preferencyjne (obni\u017cone) sk\u0142adki ZUS. Co si\u0119 dzieje, gdy mijaj\u0105 2 lata obni\u017conego ZUS-u? Jakie s\u0105 dalsze formalno\u015bci? Sprawd\u017amy.\" \/>\n<meta property=\"og:url\" content=\"https:\/\/pieczatki-online.eu\/porady\/gdy-koncza-sie-ulgi-przejscie-z-preferencyjnych-skladek-zus-na-standardowe\/\" \/>\n<meta property=\"og:site_name\" content=\"Pieczatki-Online.eu - piecz\u0105tkowe porady\" \/>\n<meta property=\"article:publisher\" content=\"https:\/\/www.facebook.com\/pieczatki.online\" \/>\n<meta property=\"article:author\" content=\"https:\/\/www.facebook.com\/pieczatki.online\" \/>\n<meta property=\"article:published_time\" content=\"2019-07-10T06:00:34+00:00\" \/>\n<meta property=\"og:image\" content=\"https:\/\/pieczatki-online.eu\/porady\/wp-content\/uploads\/2019\/07\/business-woman-working-in-office-with-documents-PPE7KV3.jpg\" \/>\n\t<meta property=\"og:image:width\" content=\"1194\" \/>\n\t<meta property=\"og:image:height\" content=\"796\" \/>\n\t<meta property=\"og:image:type\" content=\"image\/jpeg\" \/>\n<meta name=\"author\" content=\"Piecz\u0105tki Online\" \/>\n<meta name=\"twitter:card\" content=\"summary_large_image\" \/>\n<meta name=\"twitter:creator\" content=\"@PieczatkiE\" \/>\n<meta name=\"twitter:site\" content=\"@PieczatkiE\" \/>\n<meta name=\"twitter:label1\" content=\"Written by\" \/>\n\t<meta name=\"twitter:data1\" content=\"Piecz\u0105tki Online\" \/>\n\t<meta name=\"twitter:label2\" content=\"Est. reading time\" \/>\n\t<meta name=\"twitter:data2\" content=\"3 minuty\" \/>\n<!-- \/ Yoast SEO plugin. -->","yoast_head_json":{"title":"Gdy ko\u0144cz\u0105 si\u0119 ulgi \u2013 przej\u015bcie z preferencyjnych sk\u0142adek ZUS na standardowe","robots":{"index":"index","follow":"follow","max-snippet":"max-snippet:-1","max-image-preview":"max-image-preview:large","max-video-preview":"max-video-preview:-1"},"canonical":"https:\/\/pieczatki-online.eu\/porady\/gdy-koncza-sie-ulgi-przejscie-z-preferencyjnych-skladek-zus-na-standardowe\/","og_locale":"pl_PL","og_type":"article","og_title":"Gdy ko\u0144cz\u0105 si\u0119 ulgi \u2013 przej\u015bcie z preferencyjnych sk\u0142adek ZUS na standardowe","og_description":"Gdy otwierasz dzia\u0142alno\u015b\u0107 gospodarcz\u0105 pierwszy raz (lub robisz to po d\u0142ugiej przerwie), mo\u017cesz przez 6 miesi\u0119cy korzysta\u0107 z Ulgi na start i nie op\u0142aca\u0107 sk\u0142adek spo\u0142ecznych, a potem przez 24 miesi\u0105ce p\u0142aci\u0107 preferencyjne (obni\u017cone) sk\u0142adki ZUS. Co si\u0119 dzieje, gdy mijaj\u0105 2 lata obni\u017conego ZUS-u? Jakie s\u0105 dalsze formalno\u015bci? Sprawd\u017amy.","og_url":"https:\/\/pieczatki-online.eu\/porady\/gdy-koncza-sie-ulgi-przejscie-z-preferencyjnych-skladek-zus-na-standardowe\/","og_site_name":"Pieczatki-Online.eu - piecz\u0105tkowe porady","article_publisher":"https:\/\/www.facebook.com\/pieczatki.online","article_author":"https:\/\/www.facebook.com\/pieczatki.online","article_published_time":"2019-07-10T06:00:34+00:00","og_image":[{"width":1194,"height":796,"url":"https:\/\/pieczatki-online.eu\/porady\/wp-content\/uploads\/2019\/07\/business-woman-working-in-office-with-documents-PPE7KV3.jpg","type":"image\/jpeg"}],"author":"Piecz\u0105tki Online","twitter_card":"summary_large_image","twitter_creator":"@PieczatkiE","twitter_site":"@PieczatkiE","twitter_misc":{"Written by":"Piecz\u0105tki Online","Est. reading time":"3 minuty"},"schema":{"@context":"https:\/\/schema.org","@graph":[{"@type":"Article","@id":"https:\/\/pieczatki-online.eu\/porady\/gdy-koncza-sie-ulgi-przejscie-z-preferencyjnych-skladek-zus-na-standardowe\/#article","isPartOf":{"@id":"https:\/\/pieczatki-online.eu\/porady\/gdy-koncza-sie-ulgi-przejscie-z-preferencyjnych-skladek-zus-na-standardowe\/"},"author":{"name":"Piecz\u0105tki Online","@id":"https:\/\/pieczatki-online.eu\/porady\/#\/schema\/person\/4c55c489314d573c8ffcde3f16a55e47"},"headline":"Gdy ko\u0144cz\u0105 si\u0119 ulgi \u2013 przej\u015bcie z preferencyjnych sk\u0142adek ZUS na standardowe","datePublished":"2019-07-10T06:00:34+00:00","mainEntityOfPage":{"@id":"https:\/\/pieczatki-online.eu\/porady\/gdy-koncza-sie-ulgi-przejscie-z-preferencyjnych-skladek-zus-na-standardowe\/"},"wordCount":681,"commentCount":0,"publisher":{"@id":"https:\/\/pieczatki-online.eu\/porady\/#organization"},"image":{"@id":"https:\/\/pieczatki-online.eu\/porady\/gdy-koncza-sie-ulgi-przejscie-z-preferencyjnych-skladek-zus-na-standardowe\/#primaryimage"},"thumbnailUrl":"https:\/\/pieczatki-online.eu\/porady\/wp-content\/uploads\/2019\/07\/business-woman-working-in-office-with-documents-PPE7KV3.jpg","articleSection":["Sprawy urz\u0119dowe"],"inLanguage":"pl-PL","potentialAction":[{"@type":"CommentAction","name":"Comment","target":["https:\/\/pieczatki-online.eu\/porady\/gdy-koncza-sie-ulgi-przejscie-z-preferencyjnych-skladek-zus-na-standardowe\/#respond"]}]},{"@type":"WebPage","@id":"https:\/\/pieczatki-online.eu\/porady\/gdy-koncza-sie-ulgi-przejscie-z-preferencyjnych-skladek-zus-na-standardowe\/","url":"https:\/\/pieczatki-online.eu\/porady\/gdy-koncza-sie-ulgi-przejscie-z-preferencyjnych-skladek-zus-na-standardowe\/","name":"Gdy ko\u0144cz\u0105 si\u0119 ulgi \u2013 przej\u015bcie z preferencyjnych sk\u0142adek ZUS na standardowe","isPartOf":{"@id":"https:\/\/pieczatki-online.eu\/porady\/#website"},"primaryImageOfPage":{"@id":"https:\/\/pieczatki-online.eu\/porady\/gdy-koncza-sie-ulgi-przejscie-z-preferencyjnych-skladek-zus-na-standardowe\/#primaryimage"},"image":{"@id":"https:\/\/pieczatki-online.eu\/porady\/gdy-koncza-sie-ulgi-przejscie-z-preferencyjnych-skladek-zus-na-standardowe\/#primaryimage"},"thumbnailUrl":"https:\/\/pieczatki-online.eu\/porady\/wp-content\/uploads\/2019\/07\/business-woman-working-in-office-with-documents-PPE7KV3.jpg","datePublished":"2019-07-10T06:00:34+00:00","breadcrumb":{"@id":"https:\/\/pieczatki-online.eu\/porady\/gdy-koncza-sie-ulgi-przejscie-z-preferencyjnych-skladek-zus-na-standardowe\/#breadcrumb"},"inLanguage":"pl-PL","potentialAction":[{"@type":"ReadAction","target":["https:\/\/pieczatki-online.eu\/porady\/gdy-koncza-sie-ulgi-przejscie-z-preferencyjnych-skladek-zus-na-standardowe\/"]}]},{"@type":"ImageObject","inLanguage":"pl-PL","@id":"https:\/\/pieczatki-online.eu\/porady\/gdy-koncza-sie-ulgi-przejscie-z-preferencyjnych-skladek-zus-na-standardowe\/#primaryimage","url":"https:\/\/pieczatki-online.eu\/porady\/wp-content\/uploads\/2019\/07\/business-woman-working-in-office-with-documents-PPE7KV3.jpg","contentUrl":"https:\/\/pieczatki-online.eu\/porady\/wp-content\/uploads\/2019\/07\/business-woman-working-in-office-with-documents-PPE7KV3.jpg","width":1194,"height":796,"caption":"Przej\u015bcie na standardowy ZUS"},{"@type":"BreadcrumbList","@id":"https:\/\/pieczatki-online.eu\/porady\/gdy-koncza-sie-ulgi-przejscie-z-preferencyjnych-skladek-zus-na-standardowe\/#breadcrumb","itemListElement":[{"@type":"ListItem","position":1,"name":"Strona g\u0142\u00f3wna","item":"https:\/\/pieczatki-online.eu\/porady\/"},{"@type":"ListItem","position":2,"name":"Gdy ko\u0144cz\u0105 si\u0119 ulgi \u2013 przej\u015bcie z preferencyjnych sk\u0142adek ZUS na standardowe"}]},{"@type":"WebSite","@id":"https:\/\/pieczatki-online.eu\/porady\/#website","url":"https:\/\/pieczatki-online.eu\/porady\/","name":"Pieczatki-Online.eu - porady biznesowe online","description":"Wszystko co powinene\u015b wiedzie\u0107 o zamawianiu piecz\u0105tek online","publisher":{"@id":"https:\/\/pieczatki-online.eu\/porady\/#organization"},"potentialAction":[{"@type":"SearchAction","target":{"@type":"EntryPoint","urlTemplate":"https:\/\/pieczatki-online.eu\/porady\/?s={search_term_string}"},"query-input":{"@type":"PropertyValueSpecification","valueRequired":true,"valueName":"search_term_string"}}],"inLanguage":"pl-PL"},{"@type":"Organization","@id":"https:\/\/pieczatki-online.eu\/porady\/#organization","name":"Pieczatki-Online.eu","url":"https:\/\/pieczatki-online.eu\/porady\/","logo":{"@type":"ImageObject","inLanguage":"pl-PL","@id":"https:\/\/pieczatki-online.eu\/porady\/#\/schema\/logo\/image\/","url":"https:\/\/pieczatki-online.eu\/porady\/wp-content\/uploads\/2015\/08\/pieczatki-logo.png","contentUrl":"https:\/\/pieczatki-online.eu\/porady\/wp-content\/uploads\/2015\/08\/pieczatki-logo.png","width":400,"height":400,"caption":"Pieczatki-Online.eu"},"image":{"@id":"https:\/\/pieczatki-online.eu\/porady\/#\/schema\/logo\/image\/"},"sameAs":["https:\/\/www.facebook.com\/pieczatki.online","https:\/\/x.com\/PieczatkiE","https:\/\/www.linkedin.com\/company\/pieczatki-online\/","https:\/\/www.youtube.com\/channel\/UCDCzcQcl12KB15qmd7c-_sw"]},{"@type":"Person","@id":"https:\/\/pieczatki-online.eu\/porady\/#\/schema\/person\/4c55c489314d573c8ffcde3f16a55e47","name":"Piecz\u0105tki Online","image":{"@type":"ImageObject","inLanguage":"pl-PL","@id":"https:\/\/pieczatki-online.eu\/porady\/#\/schema\/person\/image\/","url":"https:\/\/secure.gravatar.com\/avatar\/30c41106c09740634d6c4e98a4080c58325810500b1e5a546f7f9fbf7e0527e1?s=96&d=mm&r=g","contentUrl":"https:\/\/secure.gravatar.com\/avatar\/30c41106c09740634d6c4e98a4080c58325810500b1e5a546f7f9fbf7e0527e1?s=96&d=mm&r=g","caption":"Piecz\u0105tki Online"},"sameAs":["https:\/\/pieczatki-online.eu","https:\/\/www.facebook.com\/pieczatki.online"]}]}},"_links":{"self":[{"href":"https:\/\/pieczatki-online.eu\/porady\/wp-json\/wp\/v2\/posts\/1440","targetHints":{"allow":["GET"]}}],"collection":[{"href":"https:\/\/pieczatki-online.eu\/porady\/wp-json\/wp\/v2\/posts"}],"about":[{"href":"https:\/\/pieczatki-online.eu\/porady\/wp-json\/wp\/v2\/types\/post"}],"author":[{"embeddable":true,"href":"https:\/\/pieczatki-online.eu\/porady\/wp-json\/wp\/v2\/users\/4"}],"replies":[{"embeddable":true,"href":"https:\/\/pieczatki-online.eu\/porady\/wp-json\/wp\/v2\/comments?post=1440"}],"version-history":[{"count":1,"href":"https:\/\/pieczatki-online.eu\/porady\/wp-json\/wp\/v2\/posts\/1440\/revisions"}],"predecessor-version":[{"id":1442,"href":"https:\/\/pieczatki-online.eu\/porady\/wp-json\/wp\/v2\/posts\/1440\/revisions\/1442"}],"wp:featuredmedia":[{"embeddable":true,"href":"https:\/\/pieczatki-online.eu\/porady\/wp-json\/wp\/v2\/media\/1441"}],"wp:attachment":[{"href":"https:\/\/pieczatki-online.eu\/porady\/wp-json\/wp\/v2\/media?parent=1440"}],"wp:term":[{"taxonomy":"category","embeddable":true,"href":"https:\/\/pieczatki-online.eu\/porady\/wp-json\/wp\/v2\/categories?post=1440"},{"taxonomy":"post_tag","embeddable":true,"href":"https:\/\/pieczatki-online.eu\/porady\/wp-json\/wp\/v2\/tags?post=1440"}],"curies":[{"name":"wp","href":"https:\/\/api.w.org\/{rel}","templated":true}]}}