{"id":2959,"date":"2024-11-05T10:06:21","date_gmt":"2024-11-05T09:06:21","guid":{"rendered":"https:\/\/pieczatki-online.eu\/porady\/?p=2959"},"modified":"2024-11-05T10:09:35","modified_gmt":"2024-11-05T09:09:35","slug":"wakacje-skladkowe-nowa-ulga-dla-mikroprzedsiebiorcow","status":"publish","type":"post","link":"https:\/\/pieczatki-online.eu\/porady\/wakacje-skladkowe-nowa-ulga-dla-mikroprzedsiebiorcow\/","title":{"rendered":"Wakacje sk\u0142adkowe: Nowa ulga dla mikroprzedsi\u0119biorc\u00f3w"},"content":{"rendered":"\n<p><\/p>\n\n\n\n<p><strong>Wakacje sk\u0142adkowe<\/strong> to nowa ulga dla mikroprzedsi\u0119biorc\u00f3w, wprowadzona 1 listopada 2024 roku, kt\u00f3ra pozwala na zwolnienie z op\u0142acania sk\u0142adek na ubezpieczenia spo\u0142eczne za jeden miesi\u0105c w roku kalendarzowym. Rozwi\u0105zanie to, cho\u0107 proste, mo\u017ce przynie\u015b\u0107 realn\u0105 ulg\u0119 finansow\u0105 dla najmniejszych firm. Wyja\u015bniamy, jak dzia\u0142a ta ulga, kto mo\u017ce z niej skorzysta\u0107, jakie warunki nale\u017cy spe\u0142ni\u0107 i jakie s\u0105 ograniczenia.<\/p>\n\n\n\n<!--more-->\n\n\n\n<figure class=\"wp-block-image size-full\"><a href=\"https:\/\/pieczatki-online.eu\/porady\/wp-content\/uploads\/2024\/11\/pieczatki-online-eu-wakacje-skladkowe-nowa-ulga-dla-mikroprzedsiebiorcow.png\" data-rel=\"lightbox-image-0\" data-rl_title=\"Pieczatrki-online.eu - Wakacje sk\u0142adkowe: Nowa ulga dla mikroprzedsi\u0119biorc\u00f3w\" data-rl_caption=\"\" title=\"Pieczatrki-online.eu - Wakacje sk\u0142adkowe: Nowa ulga dla mikroprzedsi\u0119biorc\u00f3w\"><img loading=\"lazy\" decoding=\"async\" width=\"1024\" height=\"1024\" src=\"https:\/\/pieczatki-online.eu\/porady\/wp-content\/uploads\/2024\/11\/pieczatki-online-eu-wakacje-skladkowe-nowa-ulga-dla-mikroprzedsiebiorcow.png\" alt=\"Pieczatrki-online.eu - Wakacje sk\u0142adkowe: Nowa ulga dla mikroprzedsi\u0119biorc\u00f3w\" class=\"wp-image-2962\" srcset=\"https:\/\/pieczatki-online.eu\/porady\/wp-content\/uploads\/2024\/11\/pieczatki-online-eu-wakacje-skladkowe-nowa-ulga-dla-mikroprzedsiebiorcow.png 1024w, https:\/\/pieczatki-online.eu\/porady\/wp-content\/uploads\/2024\/11\/pieczatki-online-eu-wakacje-skladkowe-nowa-ulga-dla-mikroprzedsiebiorcow-300x300.png 300w, https:\/\/pieczatki-online.eu\/porady\/wp-content\/uploads\/2024\/11\/pieczatki-online-eu-wakacje-skladkowe-nowa-ulga-dla-mikroprzedsiebiorcow-150x150.png 150w, https:\/\/pieczatki-online.eu\/porady\/wp-content\/uploads\/2024\/11\/pieczatki-online-eu-wakacje-skladkowe-nowa-ulga-dla-mikroprzedsiebiorcow-768x768.png 768w, https:\/\/pieczatki-online.eu\/porady\/wp-content\/uploads\/2024\/11\/pieczatki-online-eu-wakacje-skladkowe-nowa-ulga-dla-mikroprzedsiebiorcow-370x370.png 370w, https:\/\/pieczatki-online.eu\/porady\/wp-content\/uploads\/2024\/11\/pieczatki-online-eu-wakacje-skladkowe-nowa-ulga-dla-mikroprzedsiebiorcow-270x270.png 270w, https:\/\/pieczatki-online.eu\/porady\/wp-content\/uploads\/2024\/11\/pieczatki-online-eu-wakacje-skladkowe-nowa-ulga-dla-mikroprzedsiebiorcow-570x570.png 570w, https:\/\/pieczatki-online.eu\/porady\/wp-content\/uploads\/2024\/11\/pieczatki-online-eu-wakacje-skladkowe-nowa-ulga-dla-mikroprzedsiebiorcow-740x740.png 740w\" sizes=\"auto, (max-width: 1024px) 100vw, 1024px\" \/><\/a><figcaption class=\"wp-element-caption\">Wakacje sk\u0142adkowe: Nowa ulga dla mikroprzedsi\u0119biorc\u00f3w<\/figcaption><\/figure>\n\n\n\n<h3 class=\"wp-block-heading\">Na czym polegaj\u0105 wakacje sk\u0142adkowe?<\/h3>\n\n\n\n<p>Wakacje sk\u0142adkowe to jednorazowe w roku kalendarzowym zwolnienie z obowi\u0105zku op\u0142acania sk\u0142adek na ubezpieczenia spo\u0142eczne. Ulga obejmuje:<\/p>\n\n\n\n<ul class=\"wp-block-list\">\n<li><strong>Ubezpieczenie emerytalne<\/strong><\/li>\n\n\n\n<li><strong>Ubezpieczenie rentowe<\/strong><\/li>\n\n\n\n<li><strong>Ubezpieczenie wypadkowe<\/strong><\/li>\n\n\n\n<li><strong>Fundusz Pracy i Fundusz Solidarno\u015bciowy<\/strong><\/li>\n\n\n\n<li><strong>Dobrowolne ubezpieczenie chorobowe<\/strong> (je\u015bli przedsi\u0119biorca podlega\u0142 temu ubezpieczeniu zar\u00f3wno w miesi\u0105cu z\u0142o\u017cenia wniosku, jak i w poprzedzaj\u0105cym miesi\u0105cu)<\/li>\n<\/ul>\n\n\n\n<p>Wa\u017cne jest jednak, aby pami\u0119ta\u0107, \u017ce wakacje sk\u0142adkowe nie obejmuj\u0105 sk\u0142adki na ubezpieczenie zdrowotne \u2013 przedsi\u0119biorca musi op\u0142aci\u0107 j\u0105 w standardowym terminie, nawet w miesi\u0105cu korzystania z ulgi.<\/p>\n\n\n\n<h3 class=\"wp-block-heading\">Warunki korzystania z wakacji sk\u0142adkowych<\/h3>\n\n\n\n<p>Aby skorzysta\u0107 z ulgi, przedsi\u0119biorca musi spe\u0142ni\u0107 okre\u015blone wymagania:<\/p>\n\n\n\n<ol class=\"wp-block-list\">\n<li><strong>Status ubezpieczeniowy<\/strong>: Przedsi\u0119biorca musi by\u0107 ubezpieczony w ZUS na podstawie dzia\u0142alno\u015bci gospodarczej i podlega\u0107 obowi\u0105zkowym ubezpieczeniom emerytalnemu, rentowym oraz wypadkowemu w miesi\u0105cu poprzedzaj\u0105cym z\u0142o\u017cenie wniosku.<\/li>\n\n\n\n<li><strong>Liczba ubezpieczonych<\/strong>: W miesi\u0105cu poprzedzaj\u0105cym z\u0142o\u017cenie wniosku liczba ubezpieczonych nie mo\u017ce przekracza\u0107 10 os\u00f3b, wliczaj\u0105c w\u0142a\u015bciciela.<\/li>\n\n\n\n<li><strong>Limit przychod\u00f3w<\/strong>: W co najmniej jednym z dw\u00f3ch ostatnich lat kalendarzowych przychody przedsi\u0119biorcy nie mog\u0142y przekroczy\u0107 r\u00f3wnowarto\u015bci 2 milion\u00f3w euro. Je\u015bli dzia\u0142alno\u015b\u0107 gospodarcza nie przynios\u0142a przychodu w tym okresie, przedsi\u0119biorca nadal mo\u017ce ubiega\u0107 si\u0119 o zwolnienie.<\/li>\n\n\n\n<li><strong>Relacja z by\u0142ym pracodawc\u0105<\/strong>: Je\u015bli przedsi\u0119biorca wykonywa\u0142 dzia\u0142alno\u015b\u0107 na rzecz by\u0142ego pracodawcy, kt\u00f3rego obowi\u0105zki pokrywa\u0142y si\u0119 z tymi wykonywanymi na umow\u0119 o prac\u0119, nie jest on uprawniony do ulgi.<\/li>\n<\/ol>\n\n\n\n<h3 class=\"wp-block-heading\">Kto nie skorzysta z wakacji sk\u0142adkowych?<\/h3>\n\n\n\n<p>Wakacje sk\u0142adkowe nie s\u0105 dost\u0119pne dla wszystkich przedsi\u0119biorc\u00f3w. Istnieje lista wykluczonych grup, co jest istotne, aby nie wnioskowa\u0107 o ulg\u0119 bez wcze\u015bniejszego sprawdzenia tych informacji.<\/p>\n\n\n\n<h4 class=\"wp-block-heading\">Wy\u0142\u0105czeni z ulgi:<\/h4>\n\n\n\n<ol class=\"wp-block-list\">\n<li><strong>Osoby prowadz\u0105ce dzia\u0142alno\u015b\u0107 nierejestrowan\u0105<\/strong> \u2013 nie podlegaj\u0105 one obowi\u0105zkowym ubezpieczeniom spo\u0142ecznym.<\/li>\n\n\n\n<li><strong>Osoby korzystaj\u0105ce z ulgi na start<\/strong> \u2013 przez pierwsze sze\u015b\u0107 miesi\u0119cy dzia\u0142alno\u015bci gospodarczej s\u0105 zwolnione z op\u0142acania sk\u0142adek na ubezpieczenia spo\u0142eczne, wi\u0119c nie kwalifikuj\u0105 si\u0119 do dodatkowego zwolnienia.<\/li>\n\n\n\n<li><strong>Tw\u00f3rcy i arty\u015bci<\/strong> \u2013 osoby tworz\u0105ce w ramach dzia\u0142alno\u015bci artystycznej i literackiej nie mog\u0105 skorzysta\u0107 z wakacji sk\u0142adkowych.<\/li>\n\n\n\n<li><strong>Wsp\u00f3lnicy sp\u00f3\u0142ek osobowych oraz jednoosobowych sp\u00f3\u0142ek z o.o.<\/strong> \u2013 nie mog\u0105 skorzysta\u0107 z tej ulgi.<\/li>\n\n\n\n<li><strong>Osoby wsp\u00f3\u0142pracuj\u0105ce<\/strong> \u2013 czyli cz\u0142onkowie rodziny, kt\u00f3rzy pomagaj\u0105 w prowadzeniu dzia\u0142alno\u015bci, r\u00f3wnie\u017c s\u0105 wy\u0142\u0105czeni.<\/li>\n\n\n\n<li><strong>Osoby prowadz\u0105ce dzia\u0142alno\u015b\u0107 rolnicz\u0105<\/strong> \u2013 przedsi\u0119biorcy ubezpieczeni w KRUS, czyli rolnicy i domownicy, nie s\u0105 obj\u0119ci ulg\u0105.<\/li>\n<\/ol>\n\n\n\n<h3 class=\"wp-block-heading\">Jak z\u0142o\u017cy\u0107 wniosek o wakacje sk\u0142adkowe?<\/h3>\n\n\n\n<p>Aby skorzysta\u0107 z ulgi, przedsi\u0119biorca musi z\u0142o\u017cy\u0107 specjalny wniosek, formularz RWS, za po\u015brednictwem Platformy Us\u0142ug Elektronicznych (PUE) ZUS. Wniosek ten nale\u017cy z\u0142o\u017cy\u0107 najp\u00f3\u017aniej w miesi\u0105cu poprzedzaj\u0105cym miesi\u0105c, za kt\u00f3ry przedsi\u0119biorca chce uzyska\u0107 zwolnienie.<\/p>\n\n\n\n<p><strong>Przyk\u0142ad<\/strong>: Je\u015bli przedsi\u0119biorca planuje skorzysta\u0107 z wakacji sk\u0142adkowych za grudzie\u0144, powinien z\u0142o\u017cy\u0107 wniosek w listopadzie. Terminowo\u015b\u0107 z\u0142o\u017cenia dokumentu jest kluczowa \u2013 niedotrzymanie terminu skutkuje odrzuceniem wniosku.<\/p>\n\n\n\n<h3 class=\"wp-block-heading\">Obowi\u0105zki przedsi\u0119biorcy podczas wakacji sk\u0142adkowych<\/h3>\n\n\n\n<p>Mimo \u017ce przedsi\u0119biorca jest zwolniony z op\u0142acania sk\u0142adek na ubezpieczenia spo\u0142eczne, nadal ci\u0105\u017c\u0105 na nim pewne obowi\u0105zki:<\/p>\n\n\n\n<ol class=\"wp-block-list\">\n<li><strong>Op\u0142acenie sk\u0142adki zdrowotnej<\/strong> \u2013 sk\u0142adka na ubezpieczenie zdrowotne musi by\u0107 op\u0142acona w standardowym terminie.<\/li>\n\n\n\n<li><strong>Z\u0142o\u017cenie deklaracji rozliczeniowych<\/strong> \u2013 przedsi\u0119biorca zobowi\u0105zany jest do z\u0142o\u017cenia odpowiednich dokument\u00f3w rozliczeniowych za miesi\u0105c obj\u0119ty zwolnieniem. Nale\u017cy pami\u0119ta\u0107, aby zaznaczy\u0107 w nich informacje o skorzystaniu z wakacji sk\u0142adkowych.<\/li>\n<\/ol>\n\n\n\n<h3 class=\"wp-block-heading\">Wakacje sk\u0142adkowe jako forma pomocy de minimis<\/h3>\n\n\n\n<p>Wakacje sk\u0142adkowe stanowi\u0105 form\u0119 pomocy publicznej typu <strong>de minimis<\/strong>. Pomoc de minimis to ograniczona kwotowo pomoc, kt\u00f3r\u0105 przedsi\u0119biorca mo\u017ce uzyska\u0107, bez negatywnego wp\u0142ywu na rynek konkurencyjny. Przedsi\u0119biorcy, kt\u00f3rzy korzystaj\u0105 z wakacji sk\u0142adkowych, powinni zwr\u00f3ci\u0107 uwag\u0119 na limity pomocy de minimis, jakie ju\u017c otrzymali w ci\u0105gu ostatnich trzech lat. Przekroczenie tych limit\u00f3w mo\u017ce skutkowa\u0107 odmow\u0105 przyznania zwolnienia.<\/p>\n\n\n\n<h3 class=\"wp-block-heading\">Korzy\u015bci p\u0142yn\u0105ce z wakacji sk\u0142adkowych<\/h3>\n\n\n\n<p>Korzystanie z wakacji sk\u0142adkowych daje przedsi\u0119biorcom szereg korzy\u015bci, mi\u0119dzy innymi:<\/p>\n\n\n\n<ol class=\"wp-block-list\">\n<li><strong>Oszcz\u0119dno\u015bci finansowe<\/strong> \u2013 zwolnienie z op\u0142acania sk\u0142adek na ubezpieczenia spo\u0142eczne na jeden miesi\u0105c oznacza znaczn\u0105 ulg\u0119 finansow\u0105, zw\u0142aszcza dla mikroprzedsi\u0119biorc\u00f3w.<\/li>\n\n\n\n<li><strong>Wi\u0119ksza p\u0142ynno\u015b\u0107 finansowa<\/strong> \u2013 mo\u017cliwo\u015b\u0107 przeznaczenia zaoszcz\u0119dzonych \u015brodk\u00f3w na inne potrzeby biznesowe.<\/li>\n\n\n\n<li><strong>Czas na przemy\u015blenie inwestycji<\/strong> \u2013 miesi\u0105c bez sk\u0142adek mo\u017ce by\u0107 okazj\u0105 do przeanalizowania bud\u017cetu i zainwestowania w rozw\u00f3j dzia\u0142alno\u015bci.<\/li>\n\n\n\n<li><strong>Zwi\u0119kszenie szans na przetrwanie trudnych okres\u00f3w<\/strong> \u2013 wakacje sk\u0142adkowe s\u0105 szczeg\u00f3lnie korzystne dla przedsi\u0119biorc\u00f3w, kt\u00f3rzy zmaga si\u0119 z przej\u015bciowymi trudno\u015bciami finansowymi.<\/li>\n<\/ol>\n\n\n\n<h3 class=\"wp-block-heading\">Wady i potencjalne ryzyko zwi\u0105zane z wakacjami sk\u0142adkowymi<\/h3>\n\n\n\n<p>Jak ka\u017cde rozwi\u0105zanie, wakacje sk\u0142adkowe maj\u0105 swoje potencjalne wady:<\/p>\n\n\n\n<ul class=\"wp-block-list\">\n<li><strong>Jednorazowa ulga<\/strong> \u2013 wakacje sk\u0142adkowe mo\u017cna wykorzysta\u0107 tylko raz w roku, co ogranicza ich przydatno\u015b\u0107 w d\u0142u\u017cszej perspektywie czasowej.<\/li>\n\n\n\n<li><strong>Z\u0142o\u017cony proces aplikacji<\/strong> \u2013 mimo \u017ce ulga jest korzystna, proces sk\u0142adania wniosk\u00f3w i spe\u0142nienia warunk\u00f3w mo\u017ce by\u0107 skomplikowany dla cz\u0119\u015bci przedsi\u0119biorc\u00f3w.<\/li>\n\n\n\n<li><strong>Obowi\u0105zek p\u0142acenia sk\u0142adki zdrowotnej<\/strong> \u2013 wakacje sk\u0142adkowe nie obejmuj\u0105 sk\u0142adki zdrowotnej, co mo\u017ce by\u0107 pewnym rozczarowaniem.<\/li>\n<\/ul>\n\n\n\n<p>Wakacje sk\u0142adkowe to interesuj\u0105ca forma wsparcia dla mikroprzedsi\u0119biorc\u00f3w, oferuj\u0105ca czasowe zwolnienie z op\u0142acania sk\u0142adek na ubezpieczenia spo\u0142eczne. Daje to szans\u0119 na kr\u00f3tkotrwa\u0142e odci\u0105\u017cenie finansowe, kt\u00f3re mo\u017ce by\u0107 szczeg\u00f3lnie przydatne w przypadku mniejszych firm.<\/p>\n\n\n\n<p>Przedsi\u0119biorcy, kt\u00f3rzy planuj\u0105 skorzysta\u0107 z tej ulgi, powinni jednak dok\u0142adnie przeanalizowa\u0107, czy spe\u0142niaj\u0105 wszystkie wymagania oraz czy ich sytuacja pozwala na otrzymanie pomocy w ramach limit\u00f3w de minimis. Zrozumienie pe\u0142nych zasad wakacji sk\u0142adkowych mo\u017ce pom\u00f3c w optymalnym wykorzystaniu tej ulgi oraz w zapewnieniu p\u0142ynno\u015bci finansowej firmy w kr\u00f3tkiej perspektywie.<\/p>\n","protected":false},"excerpt":{"rendered":"<p>Wakacje sk\u0142adkowe to nowa ulga dla mikroprzedsi\u0119biorc\u00f3w, wprowadzona 1 listopada 2024 roku, kt\u00f3ra pozwala na zwolnienie z op\u0142acania sk\u0142adek na ubezpieczenia spo\u0142eczne za jeden miesi\u0105c w roku kalendarzowym. Rozwi\u0105zanie to, cho\u0107 proste, mo\u017ce przynie\u015b\u0107 realn\u0105 ulg\u0119 finansow\u0105 dla najmniejszych firm. Wyja\u015bniamy, jak dzia\u0142a ta ulga, kto mo\u017ce z niej skorzysta\u0107, jakie warunki nale\u017cy spe\u0142ni\u0107 i [&hellip;]<\/p>\n","protected":false},"author":4,"featured_media":2962,"comment_status":"open","ping_status":"closed","sticky":false,"template":"","format":"standard","meta":{"footnotes":""},"categories":[356,357],"tags":[],"class_list":["post-2959","post","type-post","status-publish","format-standard","has-post-thumbnail","hentry","category-porady-biznesowe","category-porady-finansowe"],"yoast_head":"<!-- This site is optimized with the Yoast SEO plugin v25.9 - https:\/\/yoast.com\/wordpress\/plugins\/seo\/ -->\n<title>Wakacje sk\u0142adkowe: Nowa ulga dla mikroprzedsi\u0119biorc\u00f3w<\/title>\n<meta name=\"robots\" content=\"index, follow, max-snippet:-1, max-image-preview:large, max-video-preview:-1\" \/>\n<link rel=\"canonical\" href=\"https:\/\/pieczatki-online.eu\/porady\/wakacje-skladkowe-nowa-ulga-dla-mikroprzedsiebiorcow\/\" \/>\n<meta property=\"og:locale\" content=\"pl_PL\" \/>\n<meta property=\"og:type\" content=\"article\" \/>\n<meta property=\"og:title\" content=\"Wakacje sk\u0142adkowe: Nowa ulga dla mikroprzedsi\u0119biorc\u00f3w\" \/>\n<meta property=\"og:description\" content=\"Wakacje sk\u0142adkowe to nowa ulga dla mikroprzedsi\u0119biorc\u00f3w, wprowadzona 1 listopada 2024 roku, kt\u00f3ra pozwala na zwolnienie z op\u0142acania sk\u0142adek na ubezpieczenia spo\u0142eczne za jeden miesi\u0105c w roku kalendarzowym. Rozwi\u0105zanie to, cho\u0107 proste, mo\u017ce przynie\u015b\u0107 realn\u0105 ulg\u0119 finansow\u0105 dla najmniejszych firm. Wyja\u015bniamy, jak dzia\u0142a ta ulga, kto mo\u017ce z niej skorzysta\u0107, jakie warunki nale\u017cy spe\u0142ni\u0107 i [&hellip;]\" \/>\n<meta property=\"og:url\" content=\"https:\/\/pieczatki-online.eu\/porady\/wakacje-skladkowe-nowa-ulga-dla-mikroprzedsiebiorcow\/\" \/>\n<meta property=\"og:site_name\" content=\"Pieczatki-Online.eu - piecz\u0105tkowe porady\" \/>\n<meta property=\"article:publisher\" content=\"https:\/\/www.facebook.com\/pieczatki.online\" \/>\n<meta property=\"article:author\" content=\"https:\/\/www.facebook.com\/pieczatki.online\" \/>\n<meta property=\"article:published_time\" content=\"2024-11-05T09:06:21+00:00\" \/>\n<meta property=\"article:modified_time\" content=\"2024-11-05T09:09:35+00:00\" \/>\n<meta property=\"og:image\" content=\"https:\/\/pieczatki-online.eu\/porady\/wp-content\/uploads\/2024\/11\/pieczatki-online-eu-wakacje-skladkowe-nowa-ulga-dla-mikroprzedsiebiorcow.png\" \/>\n\t<meta property=\"og:image:width\" content=\"1024\" \/>\n\t<meta property=\"og:image:height\" content=\"1024\" \/>\n\t<meta property=\"og:image:type\" content=\"image\/png\" \/>\n<meta name=\"author\" content=\"Piecz\u0105tki Online\" \/>\n<meta name=\"twitter:card\" content=\"summary_large_image\" \/>\n<meta name=\"twitter:creator\" content=\"@PieczatkiE\" \/>\n<meta name=\"twitter:site\" content=\"@PieczatkiE\" \/>\n<meta name=\"twitter:label1\" content=\"Written by\" \/>\n\t<meta name=\"twitter:data1\" content=\"Piecz\u0105tki Online\" \/>\n\t<meta name=\"twitter:label2\" content=\"Est. reading time\" \/>\n\t<meta name=\"twitter:data2\" content=\"6 minut\" \/>\n<!-- \/ Yoast SEO plugin. -->","yoast_head_json":{"title":"Wakacje sk\u0142adkowe: Nowa ulga dla mikroprzedsi\u0119biorc\u00f3w","robots":{"index":"index","follow":"follow","max-snippet":"max-snippet:-1","max-image-preview":"max-image-preview:large","max-video-preview":"max-video-preview:-1"},"canonical":"https:\/\/pieczatki-online.eu\/porady\/wakacje-skladkowe-nowa-ulga-dla-mikroprzedsiebiorcow\/","og_locale":"pl_PL","og_type":"article","og_title":"Wakacje sk\u0142adkowe: Nowa ulga dla mikroprzedsi\u0119biorc\u00f3w","og_description":"Wakacje sk\u0142adkowe to nowa ulga dla mikroprzedsi\u0119biorc\u00f3w, wprowadzona 1 listopada 2024 roku, kt\u00f3ra pozwala na zwolnienie z op\u0142acania sk\u0142adek na ubezpieczenia spo\u0142eczne za jeden miesi\u0105c w roku kalendarzowym. Rozwi\u0105zanie to, cho\u0107 proste, mo\u017ce przynie\u015b\u0107 realn\u0105 ulg\u0119 finansow\u0105 dla najmniejszych firm. Wyja\u015bniamy, jak dzia\u0142a ta ulga, kto mo\u017ce z niej skorzysta\u0107, jakie warunki nale\u017cy spe\u0142ni\u0107 i [&hellip;]","og_url":"https:\/\/pieczatki-online.eu\/porady\/wakacje-skladkowe-nowa-ulga-dla-mikroprzedsiebiorcow\/","og_site_name":"Pieczatki-Online.eu - piecz\u0105tkowe porady","article_publisher":"https:\/\/www.facebook.com\/pieczatki.online","article_author":"https:\/\/www.facebook.com\/pieczatki.online","article_published_time":"2024-11-05T09:06:21+00:00","article_modified_time":"2024-11-05T09:09:35+00:00","og_image":[{"width":1024,"height":1024,"url":"https:\/\/pieczatki-online.eu\/porady\/wp-content\/uploads\/2024\/11\/pieczatki-online-eu-wakacje-skladkowe-nowa-ulga-dla-mikroprzedsiebiorcow.png","type":"image\/png"}],"author":"Piecz\u0105tki Online","twitter_card":"summary_large_image","twitter_creator":"@PieczatkiE","twitter_site":"@PieczatkiE","twitter_misc":{"Written by":"Piecz\u0105tki Online","Est. reading time":"6 minut"},"schema":{"@context":"https:\/\/schema.org","@graph":[{"@type":"Article","@id":"https:\/\/pieczatki-online.eu\/porady\/wakacje-skladkowe-nowa-ulga-dla-mikroprzedsiebiorcow\/#article","isPartOf":{"@id":"https:\/\/pieczatki-online.eu\/porady\/wakacje-skladkowe-nowa-ulga-dla-mikroprzedsiebiorcow\/"},"author":{"name":"Piecz\u0105tki Online","@id":"https:\/\/pieczatki-online.eu\/porady\/#\/schema\/person\/4c55c489314d573c8ffcde3f16a55e47"},"headline":"Wakacje sk\u0142adkowe: Nowa ulga dla mikroprzedsi\u0119biorc\u00f3w","datePublished":"2024-11-05T09:06:21+00:00","dateModified":"2024-11-05T09:09:35+00:00","mainEntityOfPage":{"@id":"https:\/\/pieczatki-online.eu\/porady\/wakacje-skladkowe-nowa-ulga-dla-mikroprzedsiebiorcow\/"},"wordCount":1096,"commentCount":0,"publisher":{"@id":"https:\/\/pieczatki-online.eu\/porady\/#organization"},"image":{"@id":"https:\/\/pieczatki-online.eu\/porady\/wakacje-skladkowe-nowa-ulga-dla-mikroprzedsiebiorcow\/#primaryimage"},"thumbnailUrl":"https:\/\/pieczatki-online.eu\/porady\/wp-content\/uploads\/2024\/11\/pieczatki-online-eu-wakacje-skladkowe-nowa-ulga-dla-mikroprzedsiebiorcow.png","articleSection":["Porady biznesowe","Porady finansowe"],"inLanguage":"pl-PL","potentialAction":[{"@type":"CommentAction","name":"Comment","target":["https:\/\/pieczatki-online.eu\/porady\/wakacje-skladkowe-nowa-ulga-dla-mikroprzedsiebiorcow\/#respond"]}]},{"@type":"WebPage","@id":"https:\/\/pieczatki-online.eu\/porady\/wakacje-skladkowe-nowa-ulga-dla-mikroprzedsiebiorcow\/","url":"https:\/\/pieczatki-online.eu\/porady\/wakacje-skladkowe-nowa-ulga-dla-mikroprzedsiebiorcow\/","name":"Wakacje sk\u0142adkowe: Nowa ulga dla mikroprzedsi\u0119biorc\u00f3w","isPartOf":{"@id":"https:\/\/pieczatki-online.eu\/porady\/#website"},"primaryImageOfPage":{"@id":"https:\/\/pieczatki-online.eu\/porady\/wakacje-skladkowe-nowa-ulga-dla-mikroprzedsiebiorcow\/#primaryimage"},"image":{"@id":"https:\/\/pieczatki-online.eu\/porady\/wakacje-skladkowe-nowa-ulga-dla-mikroprzedsiebiorcow\/#primaryimage"},"thumbnailUrl":"https:\/\/pieczatki-online.eu\/porady\/wp-content\/uploads\/2024\/11\/pieczatki-online-eu-wakacje-skladkowe-nowa-ulga-dla-mikroprzedsiebiorcow.png","datePublished":"2024-11-05T09:06:21+00:00","dateModified":"2024-11-05T09:09:35+00:00","breadcrumb":{"@id":"https:\/\/pieczatki-online.eu\/porady\/wakacje-skladkowe-nowa-ulga-dla-mikroprzedsiebiorcow\/#breadcrumb"},"inLanguage":"pl-PL","potentialAction":[{"@type":"ReadAction","target":["https:\/\/pieczatki-online.eu\/porady\/wakacje-skladkowe-nowa-ulga-dla-mikroprzedsiebiorcow\/"]}]},{"@type":"ImageObject","inLanguage":"pl-PL","@id":"https:\/\/pieczatki-online.eu\/porady\/wakacje-skladkowe-nowa-ulga-dla-mikroprzedsiebiorcow\/#primaryimage","url":"https:\/\/pieczatki-online.eu\/porady\/wp-content\/uploads\/2024\/11\/pieczatki-online-eu-wakacje-skladkowe-nowa-ulga-dla-mikroprzedsiebiorcow.png","contentUrl":"https:\/\/pieczatki-online.eu\/porady\/wp-content\/uploads\/2024\/11\/pieczatki-online-eu-wakacje-skladkowe-nowa-ulga-dla-mikroprzedsiebiorcow.png","width":1024,"height":1024,"caption":"Wakacje sk\u0142adkowe: Nowa ulga dla mikroprzedsi\u0119biorc\u00f3w"},{"@type":"BreadcrumbList","@id":"https:\/\/pieczatki-online.eu\/porady\/wakacje-skladkowe-nowa-ulga-dla-mikroprzedsiebiorcow\/#breadcrumb","itemListElement":[{"@type":"ListItem","position":1,"name":"Strona g\u0142\u00f3wna","item":"https:\/\/pieczatki-online.eu\/porady\/"},{"@type":"ListItem","position":2,"name":"Wakacje sk\u0142adkowe: Nowa ulga dla mikroprzedsi\u0119biorc\u00f3w"}]},{"@type":"WebSite","@id":"https:\/\/pieczatki-online.eu\/porady\/#website","url":"https:\/\/pieczatki-online.eu\/porady\/","name":"Pieczatki-Online.eu - porady biznesowe online","description":"Wszystko co powinene\u015b wiedzie\u0107 o zamawianiu piecz\u0105tek online","publisher":{"@id":"https:\/\/pieczatki-online.eu\/porady\/#organization"},"potentialAction":[{"@type":"SearchAction","target":{"@type":"EntryPoint","urlTemplate":"https:\/\/pieczatki-online.eu\/porady\/?s={search_term_string}"},"query-input":{"@type":"PropertyValueSpecification","valueRequired":true,"valueName":"search_term_string"}}],"inLanguage":"pl-PL"},{"@type":"Organization","@id":"https:\/\/pieczatki-online.eu\/porady\/#organization","name":"Pieczatki-Online.eu","url":"https:\/\/pieczatki-online.eu\/porady\/","logo":{"@type":"ImageObject","inLanguage":"pl-PL","@id":"https:\/\/pieczatki-online.eu\/porady\/#\/schema\/logo\/image\/","url":"https:\/\/pieczatki-online.eu\/porady\/wp-content\/uploads\/2015\/08\/pieczatki-logo.png","contentUrl":"https:\/\/pieczatki-online.eu\/porady\/wp-content\/uploads\/2015\/08\/pieczatki-logo.png","width":400,"height":400,"caption":"Pieczatki-Online.eu"},"image":{"@id":"https:\/\/pieczatki-online.eu\/porady\/#\/schema\/logo\/image\/"},"sameAs":["https:\/\/www.facebook.com\/pieczatki.online","https:\/\/x.com\/PieczatkiE","https:\/\/www.linkedin.com\/company\/pieczatki-online\/","https:\/\/www.youtube.com\/channel\/UCDCzcQcl12KB15qmd7c-_sw"]},{"@type":"Person","@id":"https:\/\/pieczatki-online.eu\/porady\/#\/schema\/person\/4c55c489314d573c8ffcde3f16a55e47","name":"Piecz\u0105tki Online","image":{"@type":"ImageObject","inLanguage":"pl-PL","@id":"https:\/\/pieczatki-online.eu\/porady\/#\/schema\/person\/image\/","url":"https:\/\/secure.gravatar.com\/avatar\/30c41106c09740634d6c4e98a4080c58325810500b1e5a546f7f9fbf7e0527e1?s=96&d=mm&r=g","contentUrl":"https:\/\/secure.gravatar.com\/avatar\/30c41106c09740634d6c4e98a4080c58325810500b1e5a546f7f9fbf7e0527e1?s=96&d=mm&r=g","caption":"Piecz\u0105tki Online"},"sameAs":["https:\/\/pieczatki-online.eu","https:\/\/www.facebook.com\/pieczatki.online"]}]}},"_links":{"self":[{"href":"https:\/\/pieczatki-online.eu\/porady\/wp-json\/wp\/v2\/posts\/2959","targetHints":{"allow":["GET"]}}],"collection":[{"href":"https:\/\/pieczatki-online.eu\/porady\/wp-json\/wp\/v2\/posts"}],"about":[{"href":"https:\/\/pieczatki-online.eu\/porady\/wp-json\/wp\/v2\/types\/post"}],"author":[{"embeddable":true,"href":"https:\/\/pieczatki-online.eu\/porady\/wp-json\/wp\/v2\/users\/4"}],"replies":[{"embeddable":true,"href":"https:\/\/pieczatki-online.eu\/porady\/wp-json\/wp\/v2\/comments?post=2959"}],"version-history":[{"count":4,"href":"https:\/\/pieczatki-online.eu\/porady\/wp-json\/wp\/v2\/posts\/2959\/revisions"}],"predecessor-version":[{"id":2965,"href":"https:\/\/pieczatki-online.eu\/porady\/wp-json\/wp\/v2\/posts\/2959\/revisions\/2965"}],"wp:featuredmedia":[{"embeddable":true,"href":"https:\/\/pieczatki-online.eu\/porady\/wp-json\/wp\/v2\/media\/2962"}],"wp:attachment":[{"href":"https:\/\/pieczatki-online.eu\/porady\/wp-json\/wp\/v2\/media?parent=2959"}],"wp:term":[{"taxonomy":"category","embeddable":true,"href":"https:\/\/pieczatki-online.eu\/porady\/wp-json\/wp\/v2\/categories?post=2959"},{"taxonomy":"post_tag","embeddable":true,"href":"https:\/\/pieczatki-online.eu\/porady\/wp-json\/wp\/v2\/tags?post=2959"}],"curies":[{"name":"wp","href":"https:\/\/api.w.org\/{rel}","templated":true}]}}